{"id":2575,"date":"2024-12-16T16:26:18","date_gmt":"2024-12-16T19:26:18","guid":{"rendered":"https:\/\/www.cifha.org.ar\/web\/?p=2575"},"modified":"2025-08-05T12:36:11","modified_gmt":"2025-08-05T15:36:11","slug":"inauguramos-reportero-grafico-de-silvio-zuccheri","status":"publish","type":"post","link":"https:\/\/www.cifha.org.ar\/web\/sin-categoria\/inauguramos-reportero-grafico-de-silvio-zuccheri\/","title":{"rendered":"Inauguramos \u201cReportero gr\u00e1fico\u201d de Silvio Zuccheri"},"content":{"rendered":"\n<p>Se trata de la primera muestra individual de uno de los grandes exponentes del fotoperiodismo argentino.<\/p>\n\n\n\n<!--more-->\n\n\n\n<p>En octubre inauguramos&nbsp;<strong>\u201cReportero gr\u00e1fico\u201d<\/strong>, la primera muestra individual de&nbsp;<strong>Silvio Zuccheri<\/strong>, uno de los grandes exponentes del fotoperiodismo argentino en&nbsp;<strong>1101 Foto Espacio<\/strong>, la sala de exhibiciones de la&nbsp;<strong>Fundaci\u00f3n CIFHA<\/strong>. Esta exposici\u00f3n fue curada por&nbsp;<strong>Alfredo Srur y Bruno Dubner&nbsp;<\/strong>quienes seleccionaron obras que abarcan m\u00e1s de tres d\u00e9cadas de trabajo (1964-1999).<\/p>\n\n\n\n<p>El nombre de la exposici\u00f3n subraya una actividad muchas veces menospreciada, cuyos protagonistas han tenido que adaptarse a los inquietantes cambios tecnol\u00f3gicos que experiment\u00f3 la fotograf\u00eda a lo largo de sus doscientos a\u00f1os de historia.<\/p>\n\n\n\n<p>Silvio Zuccheri naci\u00f3 en Berisso en 1943 y fue cautivado por la fotograf\u00eda en su ni\u00f1ez tras ver un autorretrato de su padre a orillas del oc\u00e9ano Atl\u00e1ntico. Estudi\u00f3 arquitectura y cine en la ciudad de La Plata y en la d\u00e9cada de 1960 decidi\u00f3 dedicarse al fotoperiodismo.<\/p>\n\n\n\n<figure class=\"wp-block-image size-large\"><img loading=\"lazy\" decoding=\"async\" width=\"1024\" height=\"684\" src=\"https:\/\/www.cifha.org.ar\/web\/wp-content\/uploads\/2024\/12\/0111-03-11-1966-Servicio-militar-Estancia-Los-Cerillos-Maniobras-cpo-1-012-libro-CIFHA-2_vR-1024x684.jpg\" alt=\"\" class=\"wp-image-2577\" srcset=\"https:\/\/www.cifha.org.ar\/web\/wp-content\/uploads\/2024\/12\/0111-03-11-1966-Servicio-militar-Estancia-Los-Cerillos-Maniobras-cpo-1-012-libro-CIFHA-2_vR-1024x684.jpg 1024w, https:\/\/www.cifha.org.ar\/web\/wp-content\/uploads\/2024\/12\/0111-03-11-1966-Servicio-militar-Estancia-Los-Cerillos-Maniobras-cpo-1-012-libro-CIFHA-2_vR-300x200.jpg 300w, https:\/\/www.cifha.org.ar\/web\/wp-content\/uploads\/2024\/12\/0111-03-11-1966-Servicio-militar-Estancia-Los-Cerillos-Maniobras-cpo-1-012-libro-CIFHA-2_vR-768x513.jpg 768w, https:\/\/www.cifha.org.ar\/web\/wp-content\/uploads\/2024\/12\/0111-03-11-1966-Servicio-militar-Estancia-Los-Cerillos-Maniobras-cpo-1-012-libro-CIFHA-2_vR.jpg 1417w\" sizes=\"auto, (max-width: 1024px) 100vw, 1024px\" \/><figcaption class=\"wp-element-caption\"><em>Servicio militar, simulacro de guerra. <\/em>San Miguel del Monte, 3 de noviembre de 1966.<br>Negativo de gelatina de plata en pel\u00edcula 35 mm. Silvio Zuccheri \/ Fundaci\u00f3n CIFHA<\/figcaption><\/figure>\n\n\n\n<p>Se podr\u00eda decir que su carrera comenz\u00f3 en 1966, durante el servicio militar, cuando llev\u00f3 su c\u00e1mara escondida entre sus ropas y document\u00f3 todo el a\u00f1o de la conscripci\u00f3n. En 1978 se mud\u00f3 a Buenos Aires, donde trabaj\u00f3 para importantes revistas de la Editorial Atl\u00e1ntida:\u00a0<em>Para Ti, Billiken, Somos, El Gr\u00e1fico\u00a0<\/em>y\u00a0<em>Gente.<\/em><\/p>\n\n\n\n<p>En 1982, cofund\u00f3 la agencia ILA (Imagen Latinoamericana) junto con \u201cTito\u201d La Penna, Eduardo Bottaro y Rafael Wollmann, que marc\u00f3 un hito en el fotoperiodismo argentino con la cobertura de la rendici\u00f3n brit\u00e1nica en las Islas Malvinas. Sus fotograf\u00edas han sido publicadas en los principales medios internacionales como\u00a0<em>Time<\/em>\u00a0y\u00a0<em>Paris Match<\/em>, y en m\u00faltiples libros. ILA fue corresponsal en Sudam\u00e9rica para la agencia francesa Gamma Press, con producciones propias.<\/p>\n\n\n\n<p>Silvio \u201cMickey\u201d Zuccheri fue un fot\u00f3grafo medular de los a\u00f1os ochenta en la Argentina, entre la agon\u00eda de la dictadura y el retorno a la democracia.<strong> Sus im\u00e1genes son documentos de \u00e9poca que constituyen huellas de la memoria colectiva<\/strong> y, a la vez, obras de autor delineadas por una mirada delicada y profunda. All\u00ed est\u00e1n las series de fotos de la cobertura de la campa\u00f1a de Ra\u00fal Alfons\u00edn y de los levantamientos carapintada. Silvio trabaj\u00f3 para las revistas\u00a0<em>Humor, El Periodista, Redacci\u00f3n<\/em>\u00a0-dirigida por Hugo Gambini-,\u00a0<em>Extra<\/em>\u00a0-a cargo de Bernardo Neustadt-,\u00a0<em>Siete D\u00edas y La Semana<\/em>, entre otros medios.<\/p>\n\n\n\n<p>Form\u00f3 varias generaciones de fot\u00f3grafos, tanto en la era anal\u00f3gica como en la digital, y fue testigo del salvaje cambio de paradigma en los medios de comunicaci\u00f3n, desde la transmisi\u00f3n de im\u00e1genes a trav\u00e9s de un belin\u00f3grafo hasta el uso de las tecnolog\u00edas creadas por Elon Musk.<\/p>\n\n\n\n<figure class=\"wp-block-image size-large\"><img loading=\"lazy\" decoding=\"async\" width=\"1024\" height=\"718\" src=\"https:\/\/www.cifha.org.ar\/web\/wp-content\/uploads\/2024\/12\/1370-17-04-1987-semana-Santa-acuerdo-politico-Movilizacion-plaza-de-mayo-varios-politicos-ventana-militar-013-2_vR-1024x718.jpg\" alt=\"\" class=\"wp-image-2578\" srcset=\"https:\/\/www.cifha.org.ar\/web\/wp-content\/uploads\/2024\/12\/1370-17-04-1987-semana-Santa-acuerdo-politico-Movilizacion-plaza-de-mayo-varios-politicos-ventana-militar-013-2_vR-1024x718.jpg 1024w, https:\/\/www.cifha.org.ar\/web\/wp-content\/uploads\/2024\/12\/1370-17-04-1987-semana-Santa-acuerdo-politico-Movilizacion-plaza-de-mayo-varios-politicos-ventana-militar-013-2_vR-300x210.jpg 300w, https:\/\/www.cifha.org.ar\/web\/wp-content\/uploads\/2024\/12\/1370-17-04-1987-semana-Santa-acuerdo-politico-Movilizacion-plaza-de-mayo-varios-politicos-ventana-militar-013-2_vR-768x539.jpg 768w, https:\/\/www.cifha.org.ar\/web\/wp-content\/uploads\/2024\/12\/1370-17-04-1987-semana-Santa-acuerdo-politico-Movilizacion-plaza-de-mayo-varios-politicos-ventana-militar-013-2_vR.jpg 1417w\" sizes=\"auto, (max-width: 1024px) 100vw, 1024px\" \/><figcaption class=\"wp-element-caption\"><em>Acuerdo pol\u00edtico en Semana Santa. Firman A. Tr\u00f3ccoli, A. Cafiero, C. Grosso, C. Jarolavsky, O. Alende y C. Auyero<\/em>. Casa Rosada, Ciudad Aut\u00f3noma de Buenos Aires, 17 de abril de 1987.<br>Negativo de gelatina de plata en pel\u00edcula 35 mm. Silvio Zuccheri \/ Fundaci\u00f3n CIFHA<\/figcaption><\/figure>\n\n\n\n<p>Zuccheri ya no es solo un fot\u00f3grafo, un artista o un trabajador de la imagen; es tambi\u00e9n un espectador clave de una de las etapas m\u00e1s incre\u00edbles de la comunicaci\u00f3n humana.<\/p>\n\n\n\n<p>Uno de los ejes principales de las muestras que trabajamos en 1101 Foto Espacio es el de la materialidad de las obras expuestas, en &#8220;Reportero Gr\u00e1fico&#8221; se pueden apreciar fotograf\u00edas compuestas por sales de plata desde negativos de 35 mm, as\u00ed como un positivo de c\u00e1mara Polaroid o digitalizaciones hechas a partir de una placa de 4 x 5 pulgadas, diapositivas de 35 mm y formato medio. Una breve historia de la tecnolog\u00eda fotogr\u00e1fica.<\/p>\n\n\n\n<p>\u201cYo podr\u00eda decir que mi infancia a\u00fan no termin\u00f3\u201d, le confes\u00f3 Zuccheri a Mariana Rosales, quien se encarg\u00f3 de la investigaci\u00f3n para el libro editado por CIFHA:&nbsp;<em>Confidencial, Silvio Zuccheri. Obras 1964-2020.<\/em><\/p>\n\n\n\n<p>Esta exposici\u00f3n cont\u00f3 con el apoyo de Mecenazgo de la Ciudad Aut\u00f3noma de Buenos Aires y Fundaci\u00f3n Santander.<\/p>\n","protected":false},"excerpt":{"rendered":"<p>Se trata de la primera muestra individual de uno de los grandes exponentes del fotoperiodismo argentino.<\/p>\n","protected":false},"author":518,"featured_media":2576,"comment_status":"open","ping_status":"open","sticky":false,"template":"","format":"standard","meta":{"_acf_changed":false,"footnotes":""},"categories":[28,21,18,1],"tags":[],"class_list":["post-2575","post","type-post","status-publish","format-standard","has-post-thumbnail","hentry","category-bio","category-notas-y-reflexiones","category-prensa","category-sin-categoria"],"acf":[],"_links":{"self":[{"href":"https:\/\/www.cifha.org.ar\/web\/wp-json\/wp\/v2\/posts\/2575","targetHints":{"allow":["GET"]}}],"collection":[{"href":"https:\/\/www.cifha.org.ar\/web\/wp-json\/wp\/v2\/posts"}],"about":[{"href":"https:\/\/www.cifha.org.ar\/web\/wp-json\/wp\/v2\/types\/post"}],"author":[{"embeddable":true,"href":"https:\/\/www.cifha.org.ar\/web\/wp-json\/wp\/v2\/users\/518"}],"replies":[{"embeddable":true,"href":"https:\/\/www.cifha.org.ar\/web\/wp-json\/wp\/v2\/comments?post=2575"}],"version-history":[{"count":2,"href":"https:\/\/www.cifha.org.ar\/web\/wp-json\/wp\/v2\/posts\/2575\/revisions"}],"predecessor-version":[{"id":2586,"href":"https:\/\/www.cifha.org.ar\/web\/wp-json\/wp\/v2\/posts\/2575\/revisions\/2586"}],"wp:featuredmedia":[{"embeddable":true,"href":"https:\/\/www.cifha.org.ar\/web\/wp-json\/wp\/v2\/media\/2576"}],"wp:attachment":[{"href":"https:\/\/www.cifha.org.ar\/web\/wp-json\/wp\/v2\/media?parent=2575"}],"wp:term":[{"taxonomy":"category","embeddable":true,"href":"https:\/\/www.cifha.org.ar\/web\/wp-json\/wp\/v2\/categories?post=2575"},{"taxonomy":"post_tag","embeddable":true,"href":"https:\/\/www.cifha.org.ar\/web\/wp-json\/wp\/v2\/tags?post=2575"}],"curies":[{"name":"wp","href":"https:\/\/api.w.org\/{rel}","templated":true}]}}